{"id":415,"date":"2013-08-03T08:51:34","date_gmt":"2013-08-03T06:51:34","guid":{"rendered":"http:\/\/www.stoc-saar-pfalz.net\/?p=415"},"modified":"2013-09-21T20:04:52","modified_gmt":"2013-09-21T18:04:52","slug":"sail-2015-bilderalbum-komplett","status":"publish","type":"post","link":"https:\/\/www.stoc-saar-pfalz.net\/?p=415","title":{"rendered":"Sail 2015 &#8211; Bilderalbum komplett"},"content":{"rendered":"<p><a href=\"http:\/\/www.stoc-saar-pfalz.net\/wp-content\/uploads\/2013\/08\/Logo_Sail2015.gif.png\"><img loading=\"lazy\" src=\"http:\/\/www.stoc-saar-pfalz.net\/wp-content\/uploads\/2013\/08\/Logo_Sail2015.gif.png\" alt=\"Logo_Sail2015.gif\" width=\"250\" height=\"293\" class=\"alignnone size-full wp-image-419\" \/><\/a><\/p>\n<p>Seit eben sind nun auch die letzten Bilder hochgeladen und k\u00f6nnen nun angeschaut werden.<\/p>\n<p>Der STOC Weser-Ems wird in der Zeit vom 12.-16. August 2015 wieder zur Sail nach Bremen\/Bremerhaven einladen. Das wird dann bereits die 3. Neuauflage des Treffens sein.<\/p>\n<p>Wer m\u00f6chte, kann in Erinnerungen schwelgen bei den Bildern der Treffen 2005 und 2010.<\/p>\n<p>R\u00fcckblick <a title=\"Sail 2005\" href=\"http:\/\/www.stoc-saar-pfalz.net\/?page_id=372\">Sail 2005<\/a><\/p>\n<p>R\u00fcckblick <a title=\"Sail 2010\" href=\"http:\/\/www.stoc-saar-pfalz.net\/?page_id=312\">Sail 2010<\/a><\/p>\n<p>Mehr Infos beim <a title=\"STOC Weser-Ems\" href=\"http:\/\/www.stoc-weser-ems.de\">STOC Weser-Ems<\/a><\/p>\n<p>Viel Spa\u00df<\/p>\n<p>Gruss Tim<\/p>\n","protected":false},"excerpt":{"rendered":"<p>Seit eben sind nun auch die letzten Bilder hochgeladen und k\u00f6nnen nun angeschaut werden. Der STOC Weser-Ems wird in der Zeit vom 12.-16. August 2015 wieder zur Sail nach Bremen\/Bremerhaven einladen. Das wird dann bereits die 3. Neuauflage des Treffens sein. Wer m\u00f6chte, kann in Erinnerungen schwelgen bei den Bildern der Treffen 2005 und 2010. R\u00fcckblick Sail 2005 R\u00fcckblick Sail&hellip; <a href=\"https:\/\/www.stoc-saar-pfalz.net\/?p=415\">(more&#8230;)<\/a><\/p>\n","protected":false},"author":667,"featured_media":0,"comment_status":"closed","ping_status":"open","sticky":false,"template":"","format":"standard","meta":[],"categories":[1],"tags":[],"_links":{"self":[{"href":"https:\/\/www.stoc-saar-pfalz.net\/index.php?rest_route=\/wp\/v2\/posts\/415"}],"collection":[{"href":"https:\/\/www.stoc-saar-pfalz.net\/index.php?rest_route=\/wp\/v2\/posts"}],"about":[{"href":"https:\/\/www.stoc-saar-pfalz.net\/index.php?rest_route=\/wp\/v2\/types\/post"}],"author":[{"embeddable":true,"href":"https:\/\/www.stoc-saar-pfalz.net\/index.php?rest_route=\/wp\/v2\/users\/667"}],"replies":[{"embeddable":true,"href":"https:\/\/www.stoc-saar-pfalz.net\/index.php?rest_route=%2Fwp%2Fv2%2Fcomments&post=415"}],"version-history":[{"count":9,"href":"https:\/\/www.stoc-saar-pfalz.net\/index.php?rest_route=\/wp\/v2\/posts\/415\/revisions"}],"predecessor-version":[{"id":606,"href":"https:\/\/www.stoc-saar-pfalz.net\/index.php?rest_route=\/wp\/v2\/posts\/415\/revisions\/606"}],"wp:attachment":[{"href":"https:\/\/www.stoc-saar-pfalz.net\/index.php?rest_route=%2Fwp%2Fv2%2Fmedia&parent=415"}],"wp:term":[{"taxonomy":"category","embeddable":true,"href":"https:\/\/www.stoc-saar-pfalz.net\/index.php?rest_route=%2Fwp%2Fv2%2Fcategories&post=415"},{"taxonomy":"post_tag","embeddable":true,"href":"https:\/\/www.stoc-saar-pfalz.net\/index.php?rest_route=%2Fwp%2Fv2%2Ftags&post=415"}],"curies":[{"name":"wp","href":"https:\/\/api.w.org\/{rel}","templated":true}]}}