{"id":528,"date":"2013-08-18T18:18:25","date_gmt":"2013-08-18T16:18:25","guid":{"rendered":"http:\/\/www.stoc-saar-pfalz.net\/?p=528"},"modified":"2013-08-18T18:23:58","modified_gmt":"2013-08-18T16:23:58","slug":"im-september-wird-der-stammtisch-13","status":"publish","type":"post","link":"https:\/\/www.stoc-saar-pfalz.net\/?p=528","title":{"rendered":"Im September wird der STammtisch 13"},"content":{"rendered":"<p><a href=\"http:\/\/www.stoc-saar-pfalz.net\/wp-content\/uploads\/2013\/05\/wwb_img1.jpg\"><img loading=\"lazy\" class=\"alignnone size-full wp-image-85\" alt=\"wwb_img1\" src=\"http:\/\/www.stoc-saar-pfalz.net\/wp-content\/uploads\/2013\/05\/wwb_img1.jpg\" width=\"400\" height=\"260\" srcset=\"https:\/\/www.stoc-saar-pfalz.net\/wp-content\/uploads\/2013\/05\/wwb_img1.jpg 400w, https:\/\/www.stoc-saar-pfalz.net\/wp-content\/uploads\/2013\/05\/wwb_img1-300x195.jpg 300w\" sizes=\"(max-width: 400px) 100vw, 400px\" \/><\/a><\/p>\n<p>N\u00e4chsten Monat, im September, ist es soweit. Der Stammtisch wird 13. Das das f\u00fcr uns keine Ungl\u00fcckszahl ist konnte man bereits an diesem Wochende sehen wo wir zahlreichen Besuch von befreundeten Mitgliedern der Stammtische OWL, NRW und Hessen hatten. und ein geselliges und kurzweiliges Wochende erleben konnten.N\u00e4heres hierz gibts demn\u00e4chst in einem eigenen Bericht.<\/p>\n<p><span style=\"font-size: 18px; color: #ff0033;\">Der Geburtstagsstammtisch findet im September am 15.9.2013 wie gewohnt in Host\u00e4tten statt.<\/span><\/p>\n<p>Hier unten ist die Geburtstagstorte vom letzten Jahr zu sehen &#8211; die ist nat\u00fcrlich schon lange gegessen.<\/p>\n<p>&nbsp;<\/p>\n<p><a href=\"http:\/\/www.stoc-saar-pfalz.net\/wp-content\/uploads\/2013\/05\/12Jahre1.jpg\"><img loading=\"lazy\" class=\"alignnone size-full wp-image-17\" alt=\"12Jahre1\" src=\"http:\/\/www.stoc-saar-pfalz.net\/wp-content\/uploads\/2013\/05\/12Jahre1.jpg\" width=\"800\" height=\"600\" srcset=\"https:\/\/www.stoc-saar-pfalz.net\/wp-content\/uploads\/2013\/05\/12Jahre1.jpg 800w, https:\/\/www.stoc-saar-pfalz.net\/wp-content\/uploads\/2013\/05\/12Jahre1-300x225.jpg 300w\" sizes=\"(max-width: 800px) 100vw, 800px\" \/><\/a><\/p>\n","protected":false},"excerpt":{"rendered":"<p>N\u00e4chsten Monat, im September, ist es soweit. Der Stammtisch wird 13. Das das f\u00fcr uns keine Ungl\u00fcckszahl ist konnte man bereits an diesem Wochende sehen wo wir zahlreichen Besuch von befreundeten Mitgliedern der Stammtische OWL, NRW und Hessen hatten. und ein geselliges und kurzweiliges Wochende erleben konnten.N\u00e4heres hierz gibts demn\u00e4chst in einem eigenen Bericht. Der Geburtstagsstammtisch findet im September am&hellip; <a href=\"https:\/\/www.stoc-saar-pfalz.net\/?p=528\">(more&#8230;)<\/a><\/p>\n","protected":false},"author":667,"featured_media":0,"comment_status":"open","ping_status":"open","sticky":false,"template":"","format":"standard","meta":[],"categories":[1],"tags":[],"_links":{"self":[{"href":"https:\/\/www.stoc-saar-pfalz.net\/index.php?rest_route=\/wp\/v2\/posts\/528"}],"collection":[{"href":"https:\/\/www.stoc-saar-pfalz.net\/index.php?rest_route=\/wp\/v2\/posts"}],"about":[{"href":"https:\/\/www.stoc-saar-pfalz.net\/index.php?rest_route=\/wp\/v2\/types\/post"}],"author":[{"embeddable":true,"href":"https:\/\/www.stoc-saar-pfalz.net\/index.php?rest_route=\/wp\/v2\/users\/667"}],"replies":[{"embeddable":true,"href":"https:\/\/www.stoc-saar-pfalz.net\/index.php?rest_route=%2Fwp%2Fv2%2Fcomments&post=528"}],"version-history":[{"count":6,"href":"https:\/\/www.stoc-saar-pfalz.net\/index.php?rest_route=\/wp\/v2\/posts\/528\/revisions"}],"predecessor-version":[{"id":534,"href":"https:\/\/www.stoc-saar-pfalz.net\/index.php?rest_route=\/wp\/v2\/posts\/528\/revisions\/534"}],"wp:attachment":[{"href":"https:\/\/www.stoc-saar-pfalz.net\/index.php?rest_route=%2Fwp%2Fv2%2Fmedia&parent=528"}],"wp:term":[{"taxonomy":"category","embeddable":true,"href":"https:\/\/www.stoc-saar-pfalz.net\/index.php?rest_route=%2Fwp%2Fv2%2Fcategories&post=528"},{"taxonomy":"post_tag","embeddable":true,"href":"https:\/\/www.stoc-saar-pfalz.net\/index.php?rest_route=%2Fwp%2Fv2%2Ftags&post=528"}],"curies":[{"name":"wp","href":"https:\/\/api.w.org\/{rel}","templated":true}]}}