{"id":657,"date":"2014-03-29T07:45:31","date_gmt":"2014-03-29T05:45:31","guid":{"rendered":"http:\/\/www.stoc-saar-pfalz.net\/?p=657"},"modified":"2014-03-29T07:45:31","modified_gmt":"2014-03-29T05:45:31","slug":"terminaenderung-der-saisoneroeffnung-jetzt-30-3-2014","status":"publish","type":"post","link":"https:\/\/www.stoc-saar-pfalz.net\/?p=657","title":{"rendered":"Termin\u00e4nderung der Saisoner\u00f6ffnung jetzt 30.3.2014"},"content":{"rendered":"<p><span style=\"font-family: Courier New; font-size: small;\"><span style=\"font-size: large;\"><strong>Achtung Termin\u00e4nderung !!!!!<\/p>\n<p><\/strong><\/span>Hallo liebe PAN-Freunde,<\/p>\n<p>in diesem Jahr ist alles etwas fr\u00fcher, so auch das sch\u00f6ne Fr\u00fchlingswetter.<\/p>\n<p>Aus diesem Grund haben wir uns f\u00fcr eine Vorverlegung der Saison-Er\u00f6ffnungsfahrt entschieden. Am Sonntag, den 30.M\u00e4rz\u00a0soll es weit \u00fcber 20\u00b0 werden und dies bei uneingeschr\u00e4nktem Sonnenschein.<br \/>\nHier die aktuellen Fakten:<\/p>\n<p>Sternfahrt nach Idar-Oberstein zur Waldschenke W\u00e4scherskaulen.<\/p>\n<p><a href=\"http:\/\/www.waldschenke-kaulen.de\/\">http:\/\/www.waldschenke-kaulen.de\/<\/a><\/p>\n<p>Eintreffen gegen 12:30 Uhr<\/p>\n<p>F\u00fcr die S\u00fcdfraktion gibt es einen Treff zur gemeinsamen Anfahrt in<br \/>\nKirchheimbolanden am MC Doof um 10:00 Uhr.<\/p>\n<p>Ein weiterer Treffpunkt ist in Meisenheim gegen\u00fcber von M\u00f6bel Martin auf dem<br \/>\nSupermarkt Parkplatz so gegen 11:00 Uhr.<\/p>\n<p>Ich w\u00fcnsche Euch schon heute eine sch\u00f6ne Fahrt und bringt ordentlich Hunger mit.<\/p>\n<p>Gru\u00df<br \/>\nRudi<\/span><\/p>\n","protected":false},"excerpt":{"rendered":"<p>Achtung Termin\u00e4nderung !!!!! Hallo liebe PAN-Freunde, in diesem Jahr ist alles etwas fr\u00fcher, so auch das sch\u00f6ne Fr\u00fchlingswetter. Aus diesem Grund haben wir uns f\u00fcr eine Vorverlegung der Saison-Er\u00f6ffnungsfahrt entschieden. Am Sonntag, den 30.M\u00e4rz\u00a0soll es weit \u00fcber 20\u00b0 werden und dies bei uneingeschr\u00e4nktem Sonnenschein. Hier die aktuellen Fakten: Sternfahrt nach Idar-Oberstein zur Waldschenke W\u00e4scherskaulen. http:\/\/www.waldschenke-kaulen.de\/ Eintreffen gegen 12:30 Uhr F\u00fcr&hellip; <a href=\"https:\/\/www.stoc-saar-pfalz.net\/?p=657\">(more&#8230;)<\/a><\/p>\n","protected":false},"author":667,"featured_media":0,"comment_status":"open","ping_status":"open","sticky":false,"template":"","format":"standard","meta":[],"categories":[3],"tags":[],"_links":{"self":[{"href":"https:\/\/www.stoc-saar-pfalz.net\/index.php?rest_route=\/wp\/v2\/posts\/657"}],"collection":[{"href":"https:\/\/www.stoc-saar-pfalz.net\/index.php?rest_route=\/wp\/v2\/posts"}],"about":[{"href":"https:\/\/www.stoc-saar-pfalz.net\/index.php?rest_route=\/wp\/v2\/types\/post"}],"author":[{"embeddable":true,"href":"https:\/\/www.stoc-saar-pfalz.net\/index.php?rest_route=\/wp\/v2\/users\/667"}],"replies":[{"embeddable":true,"href":"https:\/\/www.stoc-saar-pfalz.net\/index.php?rest_route=%2Fwp%2Fv2%2Fcomments&post=657"}],"version-history":[{"count":1,"href":"https:\/\/www.stoc-saar-pfalz.net\/index.php?rest_route=\/wp\/v2\/posts\/657\/revisions"}],"predecessor-version":[{"id":658,"href":"https:\/\/www.stoc-saar-pfalz.net\/index.php?rest_route=\/wp\/v2\/posts\/657\/revisions\/658"}],"wp:attachment":[{"href":"https:\/\/www.stoc-saar-pfalz.net\/index.php?rest_route=%2Fwp%2Fv2%2Fmedia&parent=657"}],"wp:term":[{"taxonomy":"category","embeddable":true,"href":"https:\/\/www.stoc-saar-pfalz.net\/index.php?rest_route=%2Fwp%2Fv2%2Fcategories&post=657"},{"taxonomy":"post_tag","embeddable":true,"href":"https:\/\/www.stoc-saar-pfalz.net\/index.php?rest_route=%2Fwp%2Fv2%2Ftags&post=657"}],"curies":[{"name":"wp","href":"https:\/\/api.w.org\/{rel}","templated":true}]}}