{"id":711,"date":"2014-09-28T06:48:14","date_gmt":"2014-09-28T04:48:14","guid":{"rendered":"http:\/\/www.stoc-saar-pfalz.net\/?p=711"},"modified":"2014-09-28T06:48:14","modified_gmt":"2014-09-28T04:48:14","slug":"der-14-stammtischgeburtstag","status":"publish","type":"post","link":"https:\/\/www.stoc-saar-pfalz.net\/?p=711","title":{"rendered":"Der 14. Stammtischgeburtstag"},"content":{"rendered":"<p><a href=\"http:\/\/www.stoc-saar-pfalz.net\/wp-content\/uploads\/2014\/09\/STOC-Stammtisch-Sept14-015.jpg\"><img loading=\"lazy\" class=\"alignnone wp-image-708\" src=\"http:\/\/www.stoc-saar-pfalz.net\/wp-content\/uploads\/2014\/09\/STOC-Stammtisch-Sept14-015.jpg\" alt=\"STOC Stammtisch Sept14 015\" width=\"600\" height=\"450\" srcset=\"https:\/\/www.stoc-saar-pfalz.net\/wp-content\/uploads\/2014\/09\/STOC-Stammtisch-Sept14-015.jpg 1600w, https:\/\/www.stoc-saar-pfalz.net\/wp-content\/uploads\/2014\/09\/STOC-Stammtisch-Sept14-015-300x225.jpg 300w, https:\/\/www.stoc-saar-pfalz.net\/wp-content\/uploads\/2014\/09\/STOC-Stammtisch-Sept14-015-1024x768.jpg 1024w, https:\/\/www.stoc-saar-pfalz.net\/wp-content\/uploads\/2014\/09\/STOC-Stammtisch-Sept14-015-900x675.jpg 900w\" sizes=\"(max-width: 600px) 100vw, 600px\" \/><\/a><\/p>\n<p>Vom Wetter her waren wir ja bis jetzt in den Sommermonaten nicht unbedingt mit Sonne verw\u00f6hnt worden. Das war vielleicht ein Grund weswegen nur 11 Mitglieder zum 14. Stammtischgeburtstag den Weg nach Hofst\u00e4tten fanden um die zwei Torten neiderzumachen die wir zum Geburtstag von den Wirtleuten \u00fcberreicht bekamen.<\/p>\n<p><a href=\"http:\/\/www.stoc-saar-pfalz.net\/wp-content\/uploads\/2014\/09\/STOC-Stammtisch-Sept14-014.jpg\"><img loading=\"lazy\" class=\"alignnone wp-image-707\" src=\"http:\/\/www.stoc-saar-pfalz.net\/wp-content\/uploads\/2014\/09\/STOC-Stammtisch-Sept14-014-300x225.jpg\" alt=\"STOC Stammtisch Sept14 014\" width=\"600\" height=\"450\" \/><\/a><\/p>\n<p>&nbsp;<\/p>\n<p><a href=\"http:\/\/www.stoc-saar-pfalz.net\/wp-content\/uploads\/2014\/09\/STOC-Stammtisch-Sept14-004.jpg\"><img loading=\"lazy\" class=\"alignnone wp-image-706\" src=\"http:\/\/www.stoc-saar-pfalz.net\/wp-content\/uploads\/2014\/09\/STOC-Stammtisch-Sept14-004.jpg\" alt=\"STOC Stammtisch Sept14 004\" width=\"600\" height=\"450\" srcset=\"https:\/\/www.stoc-saar-pfalz.net\/wp-content\/uploads\/2014\/09\/STOC-Stammtisch-Sept14-004.jpg 1600w, https:\/\/www.stoc-saar-pfalz.net\/wp-content\/uploads\/2014\/09\/STOC-Stammtisch-Sept14-004-300x225.jpg 300w, https:\/\/www.stoc-saar-pfalz.net\/wp-content\/uploads\/2014\/09\/STOC-Stammtisch-Sept14-004-1024x768.jpg 1024w, https:\/\/www.stoc-saar-pfalz.net\/wp-content\/uploads\/2014\/09\/STOC-Stammtisch-Sept14-004-900x675.jpg 900w\" sizes=\"(max-width: 600px) 100vw, 600px\" \/><\/a><\/p>\n<p>Unsererseits bedankten wir uns f\u00fcr die seit Jahren gleibleibend gute und zuverl\u00e4ssige Bewirtung bei der es beim besten Willen nix zu m\u00e4keln gab.<\/p>\n<p>Dann gings ran an die Torte. Unterst\u00fctzt wurden wir dabei auch von Klaus der uns mit seiner Goldwing extra aus Unna angereist war.<\/p>\n<p><a href=\"http:\/\/www.stoc-saar-pfalz.net\/wp-content\/uploads\/2014\/09\/STOC-Stammtisch-Sept14-017.jpg\"><img loading=\"lazy\" class=\"alignnone wp-image-709\" src=\"http:\/\/www.stoc-saar-pfalz.net\/wp-content\/uploads\/2014\/09\/STOC-Stammtisch-Sept14-017.jpg\" alt=\"STOC Stammtisch Sept14 017\" width=\"600\" height=\"450\" srcset=\"https:\/\/www.stoc-saar-pfalz.net\/wp-content\/uploads\/2014\/09\/STOC-Stammtisch-Sept14-017.jpg 1600w, https:\/\/www.stoc-saar-pfalz.net\/wp-content\/uploads\/2014\/09\/STOC-Stammtisch-Sept14-017-300x225.jpg 300w, https:\/\/www.stoc-saar-pfalz.net\/wp-content\/uploads\/2014\/09\/STOC-Stammtisch-Sept14-017-1024x768.jpg 1024w, https:\/\/www.stoc-saar-pfalz.net\/wp-content\/uploads\/2014\/09\/STOC-Stammtisch-Sept14-017-900x675.jpg 900w\" sizes=\"(max-width: 600px) 100vw, 600px\" \/><\/a><\/p>\n<p>Aber immerhin hatte das Wetter soviel Charakter, das es ausreichend warm war um auf der Terrasse sitzen zu k\u00f6nnen. Obwohl wir im S\u00fcden f\u00fcr Mitte-Ende September eindeutig besseres gew\u00f6hnt sind.<\/p>\n<p><a href=\"http:\/\/www.stoc-saar-pfalz.net\/wp-content\/uploads\/2014\/09\/STOC-Stammtisch-Sept14-019.jpg\"><img loading=\"lazy\" class=\"alignnone wp-image-710\" src=\"http:\/\/www.stoc-saar-pfalz.net\/wp-content\/uploads\/2014\/09\/STOC-Stammtisch-Sept14-019.jpg\" alt=\"STOC Stammtisch Sept14 019\" width=\"600\" height=\"450\" srcset=\"https:\/\/www.stoc-saar-pfalz.net\/wp-content\/uploads\/2014\/09\/STOC-Stammtisch-Sept14-019.jpg 1600w, https:\/\/www.stoc-saar-pfalz.net\/wp-content\/uploads\/2014\/09\/STOC-Stammtisch-Sept14-019-300x225.jpg 300w, https:\/\/www.stoc-saar-pfalz.net\/wp-content\/uploads\/2014\/09\/STOC-Stammtisch-Sept14-019-1024x768.jpg 1024w, https:\/\/www.stoc-saar-pfalz.net\/wp-content\/uploads\/2014\/09\/STOC-Stammtisch-Sept14-019-900x675.jpg 900w\" sizes=\"(max-width: 600px) 100vw, 600px\" \/><\/a><\/p>\n<p>Ein ganzer Nachmittag im Freien ohne Regen und prompt bei der Heimfahrt &#8211; offene Schleusen.<\/p>\n","protected":false},"excerpt":{"rendered":"<p>Vom Wetter her waren wir ja bis jetzt in den Sommermonaten nicht unbedingt mit Sonne verw\u00f6hnt worden. Das war vielleicht ein Grund weswegen nur 11 Mitglieder zum 14. Stammtischgeburtstag den Weg nach Hofst\u00e4tten fanden um die zwei Torten neiderzumachen die wir zum Geburtstag von den Wirtleuten \u00fcberreicht bekamen. &nbsp; Unsererseits bedankten wir uns f\u00fcr die seit Jahren gleibleibend gute und&hellip; <a href=\"https:\/\/www.stoc-saar-pfalz.net\/?p=711\">(more&#8230;)<\/a><\/p>\n","protected":false},"author":667,"featured_media":0,"comment_status":"open","ping_status":"open","sticky":false,"template":"","format":"standard","meta":[],"categories":[1],"tags":[],"_links":{"self":[{"href":"https:\/\/www.stoc-saar-pfalz.net\/index.php?rest_route=\/wp\/v2\/posts\/711"}],"collection":[{"href":"https:\/\/www.stoc-saar-pfalz.net\/index.php?rest_route=\/wp\/v2\/posts"}],"about":[{"href":"https:\/\/www.stoc-saar-pfalz.net\/index.php?rest_route=\/wp\/v2\/types\/post"}],"author":[{"embeddable":true,"href":"https:\/\/www.stoc-saar-pfalz.net\/index.php?rest_route=\/wp\/v2\/users\/667"}],"replies":[{"embeddable":true,"href":"https:\/\/www.stoc-saar-pfalz.net\/index.php?rest_route=%2Fwp%2Fv2%2Fcomments&post=711"}],"version-history":[{"count":1,"href":"https:\/\/www.stoc-saar-pfalz.net\/index.php?rest_route=\/wp\/v2\/posts\/711\/revisions"}],"predecessor-version":[{"id":712,"href":"https:\/\/www.stoc-saar-pfalz.net\/index.php?rest_route=\/wp\/v2\/posts\/711\/revisions\/712"}],"wp:attachment":[{"href":"https:\/\/www.stoc-saar-pfalz.net\/index.php?rest_route=%2Fwp%2Fv2%2Fmedia&parent=711"}],"wp:term":[{"taxonomy":"category","embeddable":true,"href":"https:\/\/www.stoc-saar-pfalz.net\/index.php?rest_route=%2Fwp%2Fv2%2Fcategories&post=711"},{"taxonomy":"post_tag","embeddable":true,"href":"https:\/\/www.stoc-saar-pfalz.net\/index.php?rest_route=%2Fwp%2Fv2%2Ftags&post=711"}],"curies":[{"name":"wp","href":"https:\/\/api.w.org\/{rel}","templated":true}]}}